{"id":66,"date":"2015-03-16T11:56:58","date_gmt":"2015-03-16T10:56:58","guid":{"rendered":"http:\/\/www.lostitaly.it\/site\/?p=66"},"modified":"2025-04-13T11:34:34","modified_gmt":"2025-04-13T09:34:34","slug":"la-meccanica-romana","status":"publish","type":"post","link":"https:\/\/www.lostitaly.it\/site\/la-meccanica-romana\/","title":{"rendered":"La Meccanica Romana"},"content":{"rendered":"<p style=\"text-align: justify;\">Lo stabilimento nasce nel 1927 come S.T.I.M.A. (Societ\u00e0 Trattori Italiani e Macchine Agricole Italia),<\/p>\n<div id=\"attachment_193\" style=\"width: 310px\" class=\"wp-caption aligncenter\"><a href=\"https:\/\/www.lostitaly.it\/site\/wp-content\/uploads\/2015\/03\/Meccanica-Stima.jpg\" target=\"blank\" rel=\"noopener\"><img aria-describedby=\"caption-attachment-193\" loading=\"lazy\" class=\"wp-image-193 size-medium\" src=\"https:\/\/www.lostitaly.it\/site\/wp-content\/uploads\/2015\/03\/Meccanica-Stima-300x180.jpg\" alt=\"tratta dal sito\" width=\"300\" height=\"180\" srcset=\"https:\/\/www.lostitaly.it\/site\/wp-content\/uploads\/2015\/03\/Meccanica-Stima-300x180.jpg 300w, https:\/\/www.lostitaly.it\/site\/wp-content\/uploads\/2015\/03\/Meccanica-Stima.jpg 454w\" sizes=\"(max-width: 300px) 100vw, 300px\" \/><\/a><p id=\"caption-attachment-193\" class=\"wp-caption-text\">Tratta dal sito&nbsp;&#8220;<a href=\"http:\/\/www.grupponline.it\/ilsecolodiostia.html\" target=\"_blank\" rel=\"noopener\">il secolo di ostia&#8221;<\/a><\/p><\/div>\n<p style=\"text-align: justify;\">un nome scelto dal duce al momento dell&#8217;inaugurazione, per volont\u00e0 dell&#8217;ingegnere Pio Perrone, un industriale genovese (Gruppo Ansaldo, con diverse societ\u00e0 controllate tra le quali la Dinamite Nobel e gi\u00e0 proprietario dei quotidiani &#8220;Secolo XIX&#8221; e &#8220;Messaggero&#8221;).<br \/>\nL&#8217;industriale intu\u00ec le potenzialit\u00e0 di un&#8217;industria specializzata in macchine agricole in un periodo in cui la dittatura fascista aveva in programma grandi opere di bonifica e conseguentemente acquist\u00f2 dagli Aldobrandini il terreno, tra il Tevere e la ferrovia Roma-Lido di recente costruzione, confidando nello sviluppo del trasporto fluviale sul Tevere e sul potenziamento della linea ferroviaria. Sperava cos\u00ec in un grande sviluppo industriale della zona, ma nonostante le sue conoscenze nel partito fascista, non si realizz\u00f2 nessuna delle due ipotesi e lo stabilimento rimase l&#8217;unico isolato caso di industrializzazione ostiense.<\/p>\n<div id=\"attachment_72\" style=\"width: 306px\" class=\"wp-caption aligncenter\"><a href=\"https:\/\/www.lostitaly.it\/site\/wp-content\/uploads\/2015\/03\/Foto_3_big.jpg\" target=\"blank\" rel=\"noopener\"><img aria-describedby=\"caption-attachment-72\" loading=\"lazy\" class=\"size-medium wp-image-72\" src=\"https:\/\/www.lostitaly.it\/site\/wp-content\/uploads\/2015\/03\/Foto_3_big-296x300.jpg\" alt=\"La S.t.i.m.a. anni 30\/40\" width=\"296\" height=\"300\" srcset=\"https:\/\/www.lostitaly.it\/site\/wp-content\/uploads\/2015\/03\/Foto_3_big-296x300.jpg 296w, https:\/\/www.lostitaly.it\/site\/wp-content\/uploads\/2015\/03\/Foto_3_big-300x304.jpg 300w, https:\/\/www.lostitaly.it\/site\/wp-content\/uploads\/2015\/03\/Foto_3_big-720x729.jpg 720w, https:\/\/www.lostitaly.it\/site\/wp-content\/uploads\/2015\/03\/Foto_3_big.jpg 758w\" sizes=\"(max-width: 296px) 100vw, 296px\" \/><\/a><p id=\"caption-attachment-72\" class=\"wp-caption-text\">La S.t.i.m.a. anni 30\/40<\/p><\/div>\n<p style=\"text-align: justify;\">L&#8217;edificio della fabbrica fu progettato dall&#8217;architetto Pietro Barbieri e si presenta con la facciata principale rivolta verso la via del Mare (4 ingressi) e due corpi trasversali collegati da uno centrale.<\/p>\n<div id=\"attachment_75\" style=\"width: 310px\" class=\"wp-caption aligncenter\"><a href=\"https:\/\/www.lostitaly.it\/site\/wp-content\/uploads\/2015\/03\/Foto_1_big.jpg\" target=\"_blank\" rel=\"noopener\"><img aria-describedby=\"caption-attachment-75\" loading=\"lazy\" class=\"wp-image-75 size-medium\" src=\"https:\/\/www.lostitaly.it\/site\/wp-content\/uploads\/2015\/03\/Foto_1_big-300x225.jpg\" alt=\"\" width=\"300\" height=\"225\" srcset=\"https:\/\/www.lostitaly.it\/site\/wp-content\/uploads\/2015\/03\/Foto_1_big-300x225.jpg 300w, https:\/\/www.lostitaly.it\/site\/wp-content\/uploads\/2015\/03\/Foto_1_big.jpg 1024w, https:\/\/www.lostitaly.it\/site\/wp-content\/uploads\/2015\/03\/Foto_1_big-720x540.jpg 720w\" sizes=\"(max-width: 300px) 100vw, 300px\" \/><\/a><p id=\"caption-attachment-75\" class=\"wp-caption-text\">Il corpo di sinistra a tre navate \u00e8 il pi\u00f9 grande ed era il reparto delle lavorazioni pesanti<\/p><\/div>\n<p>&nbsp;<\/p>\n<div id=\"attachment_76\" style=\"width: 310px\" class=\"wp-caption aligncenter\"><a href=\"https:\/\/www.lostitaly.it\/site\/wp-content\/uploads\/2015\/03\/Foto_2_big.jpg\" target=\"_blank\" rel=\"noopener\"><img aria-describedby=\"caption-attachment-76\" loading=\"lazy\" class=\"wp-image-76 size-medium\" src=\"https:\/\/www.lostitaly.it\/site\/wp-content\/uploads\/2015\/03\/Foto_2_big-300x225.jpg\" alt=\"Ingrandisci\" width=\"300\" height=\"225\" srcset=\"https:\/\/www.lostitaly.it\/site\/wp-content\/uploads\/2015\/03\/Foto_2_big-300x225.jpg 300w, https:\/\/www.lostitaly.it\/site\/wp-content\/uploads\/2015\/03\/Foto_2_big.jpg 1024w, https:\/\/www.lostitaly.it\/site\/wp-content\/uploads\/2015\/03\/Foto_2_big-720x540.jpg 720w\" sizes=\"(max-width: 300px) 100vw, 300px\" \/><\/a><p id=\"caption-attachment-76\" class=\"wp-caption-text\">Il corpo di destra per le lavorazioni leggere \u00e8 a una navata con copertura a shed<\/p><\/div>\n<p style=\"text-align: justify;\">Lo stile architettonico dell&#8217;edificio \u00e8 classicheggiante e si riallaccia volutamente allo stile della chiesa &#8220;Regina Pacis&#8221; di Ostia,&nbsp;costruita l&#8217;anno precedente (1926).<\/p>\n<p style=\"text-align: justify;\">Le ambizioni di Perrone vengono infrante, oltre che dal mancato collegamento fluviale con Roma, dal costo elevato della corrente elettrica e del trasporto per ferrovia.<\/p>\n<p style=\"text-align: justify;\">Nel 1938 l&#8217;ing. propone a Mussolini la riconversione della fabbrica per la produzione dell&#8217;acciaio, nel progetto di potenziamento della produzione bellica.<\/p>\n<p style=\"text-align: justify;\">Nel 1941 la STIMA diventa Societ\u00e0 Acciaierie Romane.<br \/>\nAll&#8217;interno della fabbrica viene installato un forno per la produzioni di acciaio utilizzando il minerale estratto dalle sabbie di Ostia ricche di ferro (tramite la &#8220;cernitrice magnetica&#8221; Inventata dall&#8217;ingegner Giovanni Liguori che separava&nbsp;automaticamente la sabbia dalla ferrite).<\/p>\n<div id=\"attachment_90\" style=\"width: 310px\" class=\"wp-caption aligncenter\"><a href=\"https:\/\/www.lostitaly.it\/site\/wp-content\/uploads\/2015\/03\/Foto_4_big.jpg\" target=\"_blank\" rel=\"noopener\"><img aria-describedby=\"caption-attachment-90\" loading=\"lazy\" class=\"wp-image-90 size-medium\" src=\"https:\/\/www.lostitaly.it\/site\/wp-content\/uploads\/2015\/03\/Foto_4_big-300x282.jpg\" alt=\"Foto_4_big\" width=\"300\" height=\"282\" srcset=\"https:\/\/www.lostitaly.it\/site\/wp-content\/uploads\/2015\/03\/Foto_4_big-300x282.jpg 300w, https:\/\/www.lostitaly.it\/site\/wp-content\/uploads\/2015\/03\/Foto_4_big-720x676.jpg 720w, https:\/\/www.lostitaly.it\/site\/wp-content\/uploads\/2015\/03\/Foto_4_big.jpg 818w\" sizes=\"(max-width: 300px) 100vw, 300px\" \/><\/a><p id=\"caption-attachment-90\" class=\"wp-caption-text\">Dall&#8217;archivio storico Breda<\/p><\/div>\n<p style=\"text-align: justify;\">&#8220;<em>II 23 marzo il Duce, accompagnato dal Ministro delle Corporazioni, si \u00e8 recato al Lido di Roma per assistere ad alcuni esperimenti di estrazione del minerale di ferro dallo sabbie ferr\u00ecfere del Litorale. Erano presenti il comm. Liguori, ideatore della nuova macchina, l&#8217;avv. Matt\u00f2li e l&#8217;ing. Frua della Societ\u00e0 Breda. Come tutti i giornali hanno riferito, il Duce ha assistito ad una serie di prove che hanno dato ottimi risultati rilevando la perfetta efficienza del procedimento integralmente autarchico. Il Capo del Governo, che ha esperimentata personalmente una delle macchine, ha anche voluto rendersi conto sul luogo degli aspetti geologici del problema e si \u00e8 vivamente interessato alle ricerche eseguite per accertare la consistenza dell&#8217;immenso patrimonio ferrifero racchiuso nelle sabbie dei nostri, mari. Possiamo aggiungere che sin dai prossimi giorni un primo gruppo di macchine Liguori inizier\u00e0 sistematicamente sul lido di Roma l&#8217;estrazione del minerale di ferro: e che la Societ\u00e0 Breda realizzer\u00e0 entro brevi mesi il suo programma di costruzione della macchina in larghissima serie<\/em>&#8220;<\/p>\n<p style=\"text-align: right;\">Tratto dal testo della foto precedente<\/p>\n<p style=\"text-align: justify;\">L&#8217;industria prospera fino a raggiungere le 6000 unit\u00e0 lavorative, ma la caduta del regime segna la definitiva uscita di scena di Perrone.<\/p>\n<p style=\"text-align: justify;\">Nel 1943 la fabbrica fu occupata dalle truppe tedesche e poi minata per essere probabilmente distrutta al momento della ritirata.<br \/>\nNel gennaio del 1952 venne costituita la Breda Meccanica Romana di Ostia (esisteva gi\u00e0 dai tempi della guerra la Breda Meccanica Romana di&nbsp;Torre Gaia che produceva armi).<br \/>\nL&#8217;attivit\u00e0 principale diventa quella di carpenteria pesante e di rifacimento delle vetture della linea ferroviaria Roma-Ostia. Le foto seguenti sono di Pino Raselli &nbsp;tratte dal libro &#8220;<em>L&#8217;Ex-Meccanica Romana presso Ostia Antica<\/em>&#8220;.<\/p>\n<div id=\"attachment_92\" style=\"width: 310px\" class=\"wp-caption aligncenter\"><a href=\"https:\/\/www.lostitaly.it\/site\/wp-content\/uploads\/2015\/03\/Foto_6_big.jpg\" target=\"_blank\" rel=\"noopener\"><img aria-describedby=\"caption-attachment-92\" loading=\"lazy\" class=\"wp-image-92 size-medium\" src=\"https:\/\/www.lostitaly.it\/site\/wp-content\/uploads\/2015\/03\/Foto_6_big-300x300.jpg\" alt=\"Foto_6_big\" width=\"300\" height=\"300\" srcset=\"https:\/\/www.lostitaly.it\/site\/wp-content\/uploads\/2015\/03\/Foto_6_big-300x300.jpg 300w, https:\/\/www.lostitaly.it\/site\/wp-content\/uploads\/2015\/03\/Foto_6_big-150x150.jpg 150w, https:\/\/www.lostitaly.it\/site\/wp-content\/uploads\/2015\/03\/Foto_6_big-720x720.jpg 720w, https:\/\/www.lostitaly.it\/site\/wp-content\/uploads\/2015\/03\/Foto_6_big.jpg 768w\" sizes=\"(max-width: 300px) 100vw, 300px\" \/><\/a><p id=\"caption-attachment-92\" class=\"wp-caption-text\">Lavorazione nel padiglione di sinistra<\/p><\/div>\n<div id=\"attachment_91\" style=\"width: 310px\" class=\"wp-caption aligncenter\"><a href=\"https:\/\/www.lostitaly.it\/site\/wp-content\/uploads\/2015\/03\/Foto_5_big.jpg\" target=\"_blank\" rel=\"noopener\"><img aria-describedby=\"caption-attachment-91\" loading=\"lazy\" class=\"wp-image-91 size-medium\" src=\"https:\/\/www.lostitaly.it\/site\/wp-content\/uploads\/2015\/03\/Foto_5_big-300x300.jpg\" alt=\"Foto_5_big\" width=\"300\" height=\"300\" srcset=\"https:\/\/www.lostitaly.it\/site\/wp-content\/uploads\/2015\/03\/Foto_5_big-300x300.jpg 300w, https:\/\/www.lostitaly.it\/site\/wp-content\/uploads\/2015\/03\/Foto_5_big-150x150.jpg 150w, https:\/\/www.lostitaly.it\/site\/wp-content\/uploads\/2015\/03\/Foto_5_big-720x720.jpg 720w, https:\/\/www.lostitaly.it\/site\/wp-content\/uploads\/2015\/03\/Foto_5_big.jpg 768w\" sizes=\"(max-width: 300px) 100vw, 300px\" \/><\/a><p id=\"caption-attachment-91\" class=\"wp-caption-text\">Lavorazione nel padiglione di sinistra<\/p><\/div>\n<div id=\"attachment_93\" style=\"width: 310px\" class=\"wp-caption aligncenter\"><a href=\"https:\/\/www.lostitaly.it\/site\/wp-content\/uploads\/2015\/03\/Foto_7_big.jpg\" target=\"_blank\" rel=\"noopener\"><img aria-describedby=\"caption-attachment-93\" loading=\"lazy\" class=\"wp-image-93 size-medium\" src=\"https:\/\/www.lostitaly.it\/site\/wp-content\/uploads\/2015\/03\/Foto_7_big-300x300.jpg\" alt=\"Foto n.5 di Pino Raselli Tratta dal libro &quot;L'Ex-Meccanica Romana presso Ostia Antica&quot;. \" width=\"300\" height=\"300\" srcset=\"https:\/\/www.lostitaly.it\/site\/wp-content\/uploads\/2015\/03\/Foto_7_big-300x300.jpg 300w, https:\/\/www.lostitaly.it\/site\/wp-content\/uploads\/2015\/03\/Foto_7_big-150x150.jpg 150w, https:\/\/www.lostitaly.it\/site\/wp-content\/uploads\/2015\/03\/Foto_7_big-720x720.jpg 720w, https:\/\/www.lostitaly.it\/site\/wp-content\/uploads\/2015\/03\/Foto_7_big.jpg 768w\" sizes=\"(max-width: 300px) 100vw, 300px\" \/><\/a><p id=\"caption-attachment-93\" class=\"wp-caption-text\">Lavorazione nel padiglione di destra<\/p><\/div>\n<p style=\"text-align: justify;\">L&#8217;interruzione delle commesse segna la definitiva crisi dell&#8217;industria e la chiusura nel 1979.<\/p>\n<p style=\"text-align: justify;\">Nel 1981 la Sovrintendenza Archeologica di Ostia Antica mette sotto tutela l&#8217;edificio in quanto rientrante nel progetto di un parco del litorale.<br \/>\nSuccessivamente il Ministero dei beni Culturali, dopo il programma &#8220;Mirabilia&#8221;, redige un progetto in cui si prevede l&#8217;esproprio del fabbricato.<br \/>\nDurante questo periodo vengono svolte delle tesi di Laurea per il riutilizzo dell&#8217;edificio come centro museografico, scuola di restauro, centro musicale,&nbsp;sede del museo degli scavi di Ostia Antica.<a class=\"foto\" href=\".\/Breda_materiali.phpm#dodici\" target=\"_blank\" rel=\"noopener\"><br \/>\n<\/a><\/p>\n<div id=\"attachment_98\" style=\"width: 278px\" class=\"wp-caption aligncenter\"><a href=\"https:\/\/www.lostitaly.it\/site\/wp-content\/uploads\/2015\/03\/Foto_12_big.jpg\" target=\"_blank\" rel=\"noopener\"><img aria-describedby=\"caption-attachment-98\" loading=\"lazy\" class=\"wp-image-98 size-medium\" src=\"https:\/\/www.lostitaly.it\/site\/wp-content\/uploads\/2015\/03\/Foto_12_big-268x300.jpg\" alt=\"Foto_12_big\" width=\"268\" height=\"300\" srcset=\"https:\/\/www.lostitaly.it\/site\/wp-content\/uploads\/2015\/03\/Foto_12_big-268x300.jpg 268w, https:\/\/www.lostitaly.it\/site\/wp-content\/uploads\/2015\/03\/Foto_12_big-300x336.jpg 300w, https:\/\/www.lostitaly.it\/site\/wp-content\/uploads\/2015\/03\/Foto_12_big.jpg 685w\" sizes=\"(max-width: 268px) 100vw, 268px\" \/><\/a><p id=\"caption-attachment-98\" class=\"wp-caption-text\">Pagina di una delle tesi di laurea per il riutilizzo dell&#8217;edificio. Tratta dal libro &#8220;L&#8217;Ex-Meccanica Romana presso Ostia Antica&#8221;.<\/p><\/div>\n<p style=\"text-align: justify;\">Nel 1988 il progetto viene abbandonato e l&#8217;edificio, nel frattempo sotto vincolo totale, viene ristrutturato rispettandone la struttura esterna e diventa &#8220;Cineland&#8221; (multiplex cinematografico)<br \/>\nNell&#8217;ala sinistra vengono realizzate 14 sale cinematografiche, la struttura centrale ospita fast food, l&#8217;edificio mensa&nbsp;e servizi degli operai diventa la quinta di un anfiteatro e nell&#8217;ala destra vengono ospitati un bowling, una sala giochi e qualche negozio.<\/p>\n<div id=\"attachment_68\" style=\"width: 310px\" class=\"wp-caption aligncenter\"><a href=\"https:\/\/www.lostitaly.it\/site\/wp-content\/uploads\/2015\/03\/Veduta_aerea_big.jpg\" target=\"_blank\" rel=\"noopener\"><img aria-describedby=\"caption-attachment-68\" loading=\"lazy\" class=\"wp-image-68 size-medium\" src=\"https:\/\/www.lostitaly.it\/site\/wp-content\/uploads\/2015\/03\/Veduta_aerea_big-300x218.jpg\" alt=\"Veduta aerea\" width=\"300\" height=\"218\" srcset=\"https:\/\/www.lostitaly.it\/site\/wp-content\/uploads\/2015\/03\/Veduta_aerea_big-300x218.jpg 300w, https:\/\/www.lostitaly.it\/site\/wp-content\/uploads\/2015\/03\/Veduta_aerea_big.jpg 1024w, https:\/\/www.lostitaly.it\/site\/wp-content\/uploads\/2015\/03\/Veduta_aerea_big-720x522.jpg 720w\" sizes=\"(max-width: 300px) 100vw, 300px\" \/><\/a><p id=\"caption-attachment-68\" class=\"wp-caption-text\">Veduta aerea della attuale struttura<\/p><\/div>\n<p style=\"text-align: justify;\">Durante il periodo di abbandono vengono girate nell&#8217;edificio le scene di alcuni film tra i quali, &#8220;La luna&#8221; di Federico Fellini.<\/p>\n<p><iframe loading=\"lazy\" title=\"Fellini La voce della luna\" width=\"665\" height=\"374\" src=\"https:\/\/www.youtube.com\/embed\/pFoCRq3l9U0?feature=oembed\" frameborder=\"0\" allow=\"accelerometer; autoplay; clipboard-write; encrypted-media; gyroscope; picture-in-picture; web-share\" referrerpolicy=\"strict-origin-when-cross-origin\" allowfullscreen><\/iframe><\/p>\n<p>e &#8220;I mitici, colpo gobbo a Milano&#8221;&nbsp;di Carlo Vanzina<\/p>\n<p style=\"text-align: justify;\">Durante la ristrutturazione dell&#8217;edifico venne realizzato un VHS che conteneva anche interviste e cenni storici.<br \/>\nIl titolo del filmato \u00e8&nbsp; &#8220;<em>La Fabbrica<\/em>&#8221; &nbsp;e gli autori sono &nbsp;P.Isaja e M.P. Melandri.<\/p>\n<p>Qui sotto una clip introduttiva<\/p>\n<p><iframe loading=\"lazy\" title=\"La Fabbrica\" width=\"665\" height=\"499\" src=\"https:\/\/www.youtube.com\/embed\/QBI2HgEKknM?feature=oembed\" frameborder=\"0\" allow=\"accelerometer; autoplay; clipboard-write; encrypted-media; gyroscope; picture-in-picture; web-share\" referrerpolicy=\"strict-origin-when-cross-origin\" allowfullscreen><\/iframe><\/p>\n<hr>\n<p>Galleria di&nbsp; foto scattate nel periodo in cui l&#8217;edificio fu abbandonato.<\/p>\n<p><!-- index.php -->\n<div\n\tclass=\"ngg-galleryoverview\n\t ngg-ajax-pagination-none\t\"\n\tid=\"ngg-gallery-e4179eaadd2f7839271c0571c88f0c37-1\">\n\n\t\t<div class=\"slideshowlink\">\n\t\t<a href='https:\/\/www.lostitaly.it\/site\/la-meccanica-romana\/nggallery\/slideshow'>[Mostra slideshow]<\/a>\n\t\t\n\t<\/div>\n\t\t\t<!-- Thumbnails -->\n\t\t\t\t<div id=\"ngg-image-0\" class=\"ngg-gallery-thumbnail-box\" \n\t\t\t\t\t\t\t\t\t\t\t>\n\t\t\t\t\t\t<div class=\"ngg-gallery-thumbnail\">\n\t\t\t<a href=\"https:\/\/www.lostitaly.it\/site\/wp-content\/gallery\/meccanica-romana\/Breda_1.jpg\"\n\t\t\t\ttitle=\"\"\n\t\t\t\tdata-src=\"https:\/\/www.lostitaly.it\/site\/wp-content\/gallery\/meccanica-romana\/Breda_1.jpg\"\n\t\t\t\tdata-thumbnail=\"https:\/\/www.lostitaly.it\/site\/wp-content\/gallery\/meccanica-romana\/thumbs\/thumbs_Breda_1.jpg\"\n\t\t\t\tdata-image-id=\"7\"\n\t\t\t\tdata-title=\"Breda_1.jpg\"\n\t\t\t\tdata-description=\"\"\n\t\t\t\tdata-image-slug=\"breda_1-jpg\"\n\t\t\t\tclass=\"ngg-fancybox\" rel=\"e4179eaadd2f7839271c0571c88f0c37\">\n\t\t\t\t<img\n\t\t\t\t\ttitle=\"Breda_1.jpg\"\n\t\t\t\t\talt=\"Breda_1.jpg\"\n\t\t\t\t\tsrc=\"https:\/\/www.lostitaly.it\/site\/wp-content\/gallery\/meccanica-romana\/thumbs\/thumbs_Breda_1.jpg\"\n\t\t\t\t\twidth=\"120\"\n\t\t\t\t\theight=\"90\"\n\t\t\t\t\tstyle=\"max-width:100%;\"\n\t\t\t\t\/>\n\t\t\t<\/a>\n\t\t<\/div>\n\t\t\t\t\t\t\t<\/div> \n\t\t\t\n\t\t\n\t\t\t\t<div id=\"ngg-image-1\" class=\"ngg-gallery-thumbnail-box\" \n\t\t\t\t\t\t\t\t\t\t\t>\n\t\t\t\t\t\t<div class=\"ngg-gallery-thumbnail\">\n\t\t\t<a href=\"https:\/\/www.lostitaly.it\/site\/wp-content\/gallery\/meccanica-romana\/Breda_2.jpg\"\n\t\t\t\ttitle=\"\"\n\t\t\t\tdata-src=\"https:\/\/www.lostitaly.it\/site\/wp-content\/gallery\/meccanica-romana\/Breda_2.jpg\"\n\t\t\t\tdata-thumbnail=\"https:\/\/www.lostitaly.it\/site\/wp-content\/gallery\/meccanica-romana\/thumbs\/thumbs_Breda_2.jpg\"\n\t\t\t\tdata-image-id=\"8\"\n\t\t\t\tdata-title=\"Breda_2.jpg\"\n\t\t\t\tdata-description=\"\"\n\t\t\t\tdata-image-slug=\"breda_2-jpg\"\n\t\t\t\tclass=\"ngg-fancybox\" rel=\"e4179eaadd2f7839271c0571c88f0c37\">\n\t\t\t\t<img\n\t\t\t\t\ttitle=\"Breda_2.jpg\"\n\t\t\t\t\talt=\"Breda_2.jpg\"\n\t\t\t\t\tsrc=\"https:\/\/www.lostitaly.it\/site\/wp-content\/gallery\/meccanica-romana\/thumbs\/thumbs_Breda_2.jpg\"\n\t\t\t\t\twidth=\"120\"\n\t\t\t\t\theight=\"90\"\n\t\t\t\t\tstyle=\"max-width:100%;\"\n\t\t\t\t\/>\n\t\t\t<\/a>\n\t\t<\/div>\n\t\t\t\t\t\t\t<\/div> \n\t\t\t\n\t\t\n\t\t\t\t<div id=\"ngg-image-2\" class=\"ngg-gallery-thumbnail-box\" \n\t\t\t\t\t\t\t\t\t\t\t>\n\t\t\t\t\t\t<div class=\"ngg-gallery-thumbnail\">\n\t\t\t<a href=\"https:\/\/www.lostitaly.it\/site\/wp-content\/gallery\/meccanica-romana\/Breda_3.jpg\"\n\t\t\t\ttitle=\"\"\n\t\t\t\tdata-src=\"https:\/\/www.lostitaly.it\/site\/wp-content\/gallery\/meccanica-romana\/Breda_3.jpg\"\n\t\t\t\tdata-thumbnail=\"https:\/\/www.lostitaly.it\/site\/wp-content\/gallery\/meccanica-romana\/thumbs\/thumbs_Breda_3.jpg\"\n\t\t\t\tdata-image-id=\"9\"\n\t\t\t\tdata-title=\"Breda_3.jpg\"\n\t\t\t\tdata-description=\"\"\n\t\t\t\tdata-image-slug=\"breda_3-jpg\"\n\t\t\t\tclass=\"ngg-fancybox\" rel=\"e4179eaadd2f7839271c0571c88f0c37\">\n\t\t\t\t<img\n\t\t\t\t\ttitle=\"Breda_3.jpg\"\n\t\t\t\t\talt=\"Breda_3.jpg\"\n\t\t\t\t\tsrc=\"https:\/\/www.lostitaly.it\/site\/wp-content\/gallery\/meccanica-romana\/thumbs\/thumbs_Breda_3.jpg\"\n\t\t\t\t\twidth=\"120\"\n\t\t\t\t\theight=\"90\"\n\t\t\t\t\tstyle=\"max-width:100%;\"\n\t\t\t\t\/>\n\t\t\t<\/a>\n\t\t<\/div>\n\t\t\t\t\t\t\t<\/div> \n\t\t\t\n\t\t\n\t\t\t\t<div id=\"ngg-image-3\" class=\"ngg-gallery-thumbnail-box\" \n\t\t\t\t\t\t\t\t\t\t\t>\n\t\t\t\t\t\t<div class=\"ngg-gallery-thumbnail\">\n\t\t\t<a href=\"https:\/\/www.lostitaly.it\/site\/wp-content\/gallery\/meccanica-romana\/Breda_4.jpg\"\n\t\t\t\ttitle=\"\"\n\t\t\t\tdata-src=\"https:\/\/www.lostitaly.it\/site\/wp-content\/gallery\/meccanica-romana\/Breda_4.jpg\"\n\t\t\t\tdata-thumbnail=\"https:\/\/www.lostitaly.it\/site\/wp-content\/gallery\/meccanica-romana\/thumbs\/thumbs_Breda_4.jpg\"\n\t\t\t\tdata-image-id=\"10\"\n\t\t\t\tdata-title=\"Breda_4.jpg\"\n\t\t\t\tdata-description=\"\"\n\t\t\t\tdata-image-slug=\"breda_4-jpg\"\n\t\t\t\tclass=\"ngg-fancybox\" rel=\"e4179eaadd2f7839271c0571c88f0c37\">\n\t\t\t\t<img\n\t\t\t\t\ttitle=\"Breda_4.jpg\"\n\t\t\t\t\talt=\"Breda_4.jpg\"\n\t\t\t\t\tsrc=\"https:\/\/www.lostitaly.it\/site\/wp-content\/gallery\/meccanica-romana\/thumbs\/thumbs_Breda_4.jpg\"\n\t\t\t\t\twidth=\"120\"\n\t\t\t\t\theight=\"90\"\n\t\t\t\t\tstyle=\"max-width:100%;\"\n\t\t\t\t\/>\n\t\t\t<\/a>\n\t\t<\/div>\n\t\t\t\t\t\t\t<\/div> \n\t\t\t\n\t\t\n\t\t\t\t<div id=\"ngg-image-4\" class=\"ngg-gallery-thumbnail-box\" \n\t\t\t\t\t\t\t\t\t\t\t>\n\t\t\t\t\t\t<div class=\"ngg-gallery-thumbnail\">\n\t\t\t<a href=\"https:\/\/www.lostitaly.it\/site\/wp-content\/gallery\/meccanica-romana\/Breda_5.jpg\"\n\t\t\t\ttitle=\"\"\n\t\t\t\tdata-src=\"https:\/\/www.lostitaly.it\/site\/wp-content\/gallery\/meccanica-romana\/Breda_5.jpg\"\n\t\t\t\tdata-thumbnail=\"https:\/\/www.lostitaly.it\/site\/wp-content\/gallery\/meccanica-romana\/thumbs\/thumbs_Breda_5.jpg\"\n\t\t\t\tdata-image-id=\"11\"\n\t\t\t\tdata-title=\"Breda_5.jpg\"\n\t\t\t\tdata-description=\"\"\n\t\t\t\tdata-image-slug=\"breda_5-jpg\"\n\t\t\t\tclass=\"ngg-fancybox\" rel=\"e4179eaadd2f7839271c0571c88f0c37\">\n\t\t\t\t<img\n\t\t\t\t\ttitle=\"Breda_5.jpg\"\n\t\t\t\t\talt=\"Breda_5.jpg\"\n\t\t\t\t\tsrc=\"https:\/\/www.lostitaly.it\/site\/wp-content\/gallery\/meccanica-romana\/thumbs\/thumbs_Breda_5.jpg\"\n\t\t\t\t\twidth=\"120\"\n\t\t\t\t\theight=\"90\"\n\t\t\t\t\tstyle=\"max-width:100%;\"\n\t\t\t\t\/>\n\t\t\t<\/a>\n\t\t<\/div>\n\t\t\t\t\t\t\t<\/div> \n\t\t\t\n\t\t\n\t\t\t\t<div id=\"ngg-image-5\" class=\"ngg-gallery-thumbnail-box\" \n\t\t\t\t\t\t\t\t\t\t\t>\n\t\t\t\t\t\t<div class=\"ngg-gallery-thumbnail\">\n\t\t\t<a href=\"https:\/\/www.lostitaly.it\/site\/wp-content\/gallery\/meccanica-romana\/Breda_6.jpg\"\n\t\t\t\ttitle=\"\"\n\t\t\t\tdata-src=\"https:\/\/www.lostitaly.it\/site\/wp-content\/gallery\/meccanica-romana\/Breda_6.jpg\"\n\t\t\t\tdata-thumbnail=\"https:\/\/www.lostitaly.it\/site\/wp-content\/gallery\/meccanica-romana\/thumbs\/thumbs_Breda_6.jpg\"\n\t\t\t\tdata-image-id=\"12\"\n\t\t\t\tdata-title=\"Breda_6.jpg\"\n\t\t\t\tdata-description=\"\"\n\t\t\t\tdata-image-slug=\"breda_6-jpg\"\n\t\t\t\tclass=\"ngg-fancybox\" rel=\"e4179eaadd2f7839271c0571c88f0c37\">\n\t\t\t\t<img\n\t\t\t\t\ttitle=\"Breda_6.jpg\"\n\t\t\t\t\talt=\"Breda_6.jpg\"\n\t\t\t\t\tsrc=\"https:\/\/www.lostitaly.it\/site\/wp-content\/gallery\/meccanica-romana\/thumbs\/thumbs_Breda_6.jpg\"\n\t\t\t\t\twidth=\"120\"\n\t\t\t\t\theight=\"90\"\n\t\t\t\t\tstyle=\"max-width:100%;\"\n\t\t\t\t\/>\n\t\t\t<\/a>\n\t\t<\/div>\n\t\t\t\t\t\t\t<\/div> \n\t\t\t\n\t\t\n\t\t\t\t<div id=\"ngg-image-6\" class=\"ngg-gallery-thumbnail-box\" \n\t\t\t\t\t\t\t\t\t\t\t>\n\t\t\t\t\t\t<div class=\"ngg-gallery-thumbnail\">\n\t\t\t<a href=\"https:\/\/www.lostitaly.it\/site\/wp-content\/gallery\/meccanica-romana\/Breda_7.jpg\"\n\t\t\t\ttitle=\"\"\n\t\t\t\tdata-src=\"https:\/\/www.lostitaly.it\/site\/wp-content\/gallery\/meccanica-romana\/Breda_7.jpg\"\n\t\t\t\tdata-thumbnail=\"https:\/\/www.lostitaly.it\/site\/wp-content\/gallery\/meccanica-romana\/thumbs\/thumbs_Breda_7.jpg\"\n\t\t\t\tdata-image-id=\"13\"\n\t\t\t\tdata-title=\"Breda_7.jpg\"\n\t\t\t\tdata-description=\"\"\n\t\t\t\tdata-image-slug=\"breda_7-jpg\"\n\t\t\t\tclass=\"ngg-fancybox\" rel=\"e4179eaadd2f7839271c0571c88f0c37\">\n\t\t\t\t<img\n\t\t\t\t\ttitle=\"Breda_7.jpg\"\n\t\t\t\t\talt=\"Breda_7.jpg\"\n\t\t\t\t\tsrc=\"https:\/\/www.lostitaly.it\/site\/wp-content\/gallery\/meccanica-romana\/thumbs\/thumbs_Breda_7.jpg\"\n\t\t\t\t\twidth=\"120\"\n\t\t\t\t\theight=\"90\"\n\t\t\t\t\tstyle=\"max-width:100%;\"\n\t\t\t\t\/>\n\t\t\t<\/a>\n\t\t<\/div>\n\t\t\t\t\t\t\t<\/div> \n\t\t\t\n\t\t\n\t\t\t\t<div id=\"ngg-image-7\" class=\"ngg-gallery-thumbnail-box\" \n\t\t\t\t\t\t\t\t\t\t\t>\n\t\t\t\t\t\t<div class=\"ngg-gallery-thumbnail\">\n\t\t\t<a href=\"https:\/\/www.lostitaly.it\/site\/wp-content\/gallery\/meccanica-romana\/Breda_8.jpg\"\n\t\t\t\ttitle=\"\"\n\t\t\t\tdata-src=\"https:\/\/www.lostitaly.it\/site\/wp-content\/gallery\/meccanica-romana\/Breda_8.jpg\"\n\t\t\t\tdata-thumbnail=\"https:\/\/www.lostitaly.it\/site\/wp-content\/gallery\/meccanica-romana\/thumbs\/thumbs_Breda_8.jpg\"\n\t\t\t\tdata-image-id=\"14\"\n\t\t\t\tdata-title=\"Breda_8.jpg\"\n\t\t\t\tdata-description=\"\"\n\t\t\t\tdata-image-slug=\"breda_8-jpg\"\n\t\t\t\tclass=\"ngg-fancybox\" rel=\"e4179eaadd2f7839271c0571c88f0c37\">\n\t\t\t\t<img\n\t\t\t\t\ttitle=\"Breda_8.jpg\"\n\t\t\t\t\talt=\"Breda_8.jpg\"\n\t\t\t\t\tsrc=\"https:\/\/www.lostitaly.it\/site\/wp-content\/gallery\/meccanica-romana\/thumbs\/thumbs_Breda_8.jpg\"\n\t\t\t\t\twidth=\"120\"\n\t\t\t\t\theight=\"90\"\n\t\t\t\t\tstyle=\"max-width:100%;\"\n\t\t\t\t\/>\n\t\t\t<\/a>\n\t\t<\/div>\n\t\t\t\t\t\t\t<\/div> \n\t\t\t\n\t\t\n\t\t\t\t<div id=\"ngg-image-8\" class=\"ngg-gallery-thumbnail-box\" \n\t\t\t\t\t\t\t\t\t\t\t>\n\t\t\t\t\t\t<div class=\"ngg-gallery-thumbnail\">\n\t\t\t<a href=\"https:\/\/www.lostitaly.it\/site\/wp-content\/gallery\/meccanica-romana\/Breda_9.jpg\"\n\t\t\t\ttitle=\"\"\n\t\t\t\tdata-src=\"https:\/\/www.lostitaly.it\/site\/wp-content\/gallery\/meccanica-romana\/Breda_9.jpg\"\n\t\t\t\tdata-thumbnail=\"https:\/\/www.lostitaly.it\/site\/wp-content\/gallery\/meccanica-romana\/thumbs\/thumbs_Breda_9.jpg\"\n\t\t\t\tdata-image-id=\"15\"\n\t\t\t\tdata-title=\"Breda_9.jpg\"\n\t\t\t\tdata-description=\"\"\n\t\t\t\tdata-image-slug=\"breda_9-jpg\"\n\t\t\t\tclass=\"ngg-fancybox\" rel=\"e4179eaadd2f7839271c0571c88f0c37\">\n\t\t\t\t<img\n\t\t\t\t\ttitle=\"Breda_9.jpg\"\n\t\t\t\t\talt=\"Breda_9.jpg\"\n\t\t\t\t\tsrc=\"https:\/\/www.lostitaly.it\/site\/wp-content\/gallery\/meccanica-romana\/thumbs\/thumbs_Breda_9.jpg\"\n\t\t\t\t\twidth=\"120\"\n\t\t\t\t\theight=\"90\"\n\t\t\t\t\tstyle=\"max-width:100%;\"\n\t\t\t\t\/>\n\t\t\t<\/a>\n\t\t<\/div>\n\t\t\t\t\t\t\t<\/div> \n\t\t\t\n\t\t\n\t\t\t\t<div id=\"ngg-image-9\" class=\"ngg-gallery-thumbnail-box\" \n\t\t\t\t\t\t\t\t\t\t\t>\n\t\t\t\t\t\t<div class=\"ngg-gallery-thumbnail\">\n\t\t\t<a href=\"https:\/\/www.lostitaly.it\/site\/wp-content\/gallery\/meccanica-romana\/Breda_a.jpg\"\n\t\t\t\ttitle=\"\"\n\t\t\t\tdata-src=\"https:\/\/www.lostitaly.it\/site\/wp-content\/gallery\/meccanica-romana\/Breda_a.jpg\"\n\t\t\t\tdata-thumbnail=\"https:\/\/www.lostitaly.it\/site\/wp-content\/gallery\/meccanica-romana\/thumbs\/thumbs_Breda_a.jpg\"\n\t\t\t\tdata-image-id=\"16\"\n\t\t\t\tdata-title=\"Breda_a.jpg\"\n\t\t\t\tdata-description=\"\"\n\t\t\t\tdata-image-slug=\"breda_a-jpg\"\n\t\t\t\tclass=\"ngg-fancybox\" rel=\"e4179eaadd2f7839271c0571c88f0c37\">\n\t\t\t\t<img\n\t\t\t\t\ttitle=\"Breda_a.jpg\"\n\t\t\t\t\talt=\"Breda_a.jpg\"\n\t\t\t\t\tsrc=\"https:\/\/www.lostitaly.it\/site\/wp-content\/gallery\/meccanica-romana\/thumbs\/thumbs_Breda_a.jpg\"\n\t\t\t\t\twidth=\"120\"\n\t\t\t\t\theight=\"90\"\n\t\t\t\t\tstyle=\"max-width:100%;\"\n\t\t\t\t\/>\n\t\t\t<\/a>\n\t\t<\/div>\n\t\t\t\t\t\t\t<\/div> \n\t\t\t\n\t\t\n\t\t\t\t<div id=\"ngg-image-10\" class=\"ngg-gallery-thumbnail-box\" \n\t\t\t\t\t\t\t\t\t\t\t>\n\t\t\t\t\t\t<div class=\"ngg-gallery-thumbnail\">\n\t\t\t<a href=\"https:\/\/www.lostitaly.it\/site\/wp-content\/gallery\/meccanica-romana\/Breda_b.jpg\"\n\t\t\t\ttitle=\"\"\n\t\t\t\tdata-src=\"https:\/\/www.lostitaly.it\/site\/wp-content\/gallery\/meccanica-romana\/Breda_b.jpg\"\n\t\t\t\tdata-thumbnail=\"https:\/\/www.lostitaly.it\/site\/wp-content\/gallery\/meccanica-romana\/thumbs\/thumbs_Breda_b.jpg\"\n\t\t\t\tdata-image-id=\"17\"\n\t\t\t\tdata-title=\"Breda_b.jpg\"\n\t\t\t\tdata-description=\"\"\n\t\t\t\tdata-image-slug=\"breda_b-jpg\"\n\t\t\t\tclass=\"ngg-fancybox\" rel=\"e4179eaadd2f7839271c0571c88f0c37\">\n\t\t\t\t<img\n\t\t\t\t\ttitle=\"Breda_b.jpg\"\n\t\t\t\t\talt=\"Breda_b.jpg\"\n\t\t\t\t\tsrc=\"https:\/\/www.lostitaly.it\/site\/wp-content\/gallery\/meccanica-romana\/thumbs\/thumbs_Breda_b.jpg\"\n\t\t\t\t\twidth=\"120\"\n\t\t\t\t\theight=\"90\"\n\t\t\t\t\tstyle=\"max-width:100%;\"\n\t\t\t\t\/>\n\t\t\t<\/a>\n\t\t<\/div>\n\t\t\t\t\t\t\t<\/div> \n\t\t\t\n\t\t\n\t\t\n\t\t<!-- Pagination -->\n\t\t<div class='ngg-clear'><\/div>\t<\/div>\n<\/p>\n<hr>\n<p>Bibilografia<\/p>\n<p>&#8220;<em>Roma memorie della citt\u00e0 industriale<\/em>&#8221; a cura di E.T. Landini (Palombi Editori)<br \/>\n&#8220;<em>L&#8217;Ex-Meccanica Romana presso Ostia Antica: nella logica dell&#8217;ecosistema urbano per il riuso del costruito<\/em>&#8221; a cura di Hilda Selem (Officina Edizioni)<br \/>\n&#8220;<em>La ricostruzione della S.T.I.M.A in multiplex cinematografica<\/em>&#8221; di Paolina Conti (tesi di laurea)<\/p>\n<p>Il Messaggero: articoli alle date 24\/1\/90, 15\/12\/90, 16\/12\/90, 8\/5\/91, 7\/10\/94, 8\/10\/94, 1\/2\/95.<br \/>\nIl Tempo: articoli alle date 15\/10\/94 e 29\/10\/94.<br \/>\nCorriere della Sera: articolo in data 1\/2\/95.<br \/>\nLa Repubblica: articolo in data 1\/2\/95.<br \/>\nL&#8217;Unit\u00e0: articolo in data 1\/2\/95.<br \/>\nGiornale di Ostia articoli alle date 7\/10\/94 e 3\/2\/95.<br \/>\nMetropolit: articoli alle date 15\/10\/94 e 4\/2\/95.<\/p>\n","protected":false},"excerpt":{"rendered":"<p>Lo stabilimento nasce nel 1927 come S.T.I.M.A. (Societ\u00e0 Trattori Italiani e Macchine Agricole Italia), un nome scelto dal duce al momento dell&#8217;inaugurazione, per volont\u00e0 dell&#8217;ingegnere Pio Perrone, un industriale genovese (Gruppo Ansaldo, con diverse societ\u00e0 controllate tra le quali la Dinamite Nobel e gi\u00e0 proprietario dei quotidiani &#8220;Secolo XIX&#8221; e &#8220;Messaggero&#8221;). L&#8217;industriale intu\u00ec le potenzialit\u00e0 [&hellip;]<\/p>\n","protected":false},"author":5,"featured_media":446,"comment_status":"closed","ping_status":"closed","sticky":false,"template":"","format":"standard","meta":{"ngg_post_thumbnail":0},"categories":[4,2],"tags":[216,445,446,260,194],"_links":{"self":[{"href":"https:\/\/www.lostitaly.it\/site\/wp-json\/wp\/v2\/posts\/66"}],"collection":[{"href":"https:\/\/www.lostitaly.it\/site\/wp-json\/wp\/v2\/posts"}],"about":[{"href":"https:\/\/www.lostitaly.it\/site\/wp-json\/wp\/v2\/types\/post"}],"author":[{"embeddable":true,"href":"https:\/\/www.lostitaly.it\/site\/wp-json\/wp\/v2\/users\/5"}],"replies":[{"embeddable":true,"href":"https:\/\/www.lostitaly.it\/site\/wp-json\/wp\/v2\/comments?post=66"}],"version-history":[{"count":46,"href":"https:\/\/www.lostitaly.it\/site\/wp-json\/wp\/v2\/posts\/66\/revisions"}],"predecessor-version":[{"id":5876,"href":"https:\/\/www.lostitaly.it\/site\/wp-json\/wp\/v2\/posts\/66\/revisions\/5876"}],"wp:featuredmedia":[{"embeddable":true,"href":"https:\/\/www.lostitaly.it\/site\/wp-json\/wp\/v2\/media\/446"}],"wp:attachment":[{"href":"https:\/\/www.lostitaly.it\/site\/wp-json\/wp\/v2\/media?parent=66"}],"wp:term":[{"taxonomy":"category","embeddable":true,"href":"https:\/\/www.lostitaly.it\/site\/wp-json\/wp\/v2\/categories?post=66"},{"taxonomy":"post_tag","embeddable":true,"href":"https:\/\/www.lostitaly.it\/site\/wp-json\/wp\/v2\/tags?post=66"}],"curies":[{"name":"wp","href":"https:\/\/api.w.org\/{rel}","templated":true}]}}